{"id":1586,"date":"2019-09-15T15:24:22","date_gmt":"2019-09-15T15:24:22","guid":{"rendered":"http:\/\/matorky.si\/?p=1586"},"modified":"2019-09-15T15:57:15","modified_gmt":"2019-09-15T15:57:15","slug":"kolesarsko-potovanje-francija-7-dan","status":"publish","type":"post","link":"https:\/\/matorky.si\/index.php\/2019\/09\/15\/kolesarsko-potovanje-francija-7-dan\/","title":{"rendered":"Kolesarsko potovanje Francija 7. dan"},"content":{"rendered":"\n<p>Odlo\u010ditev za hotel je bila dobra, saj sva bila zjutraj bolj spo\u010dita, odpadlo pa je tudi dolgotrajno pospravljanje in zlaganje.<\/p>\n\n\n\n<p>Najprej sva se odpravila v trgovino, eno redkih, ki je bila odprta v nedeljo, in nabavila stvari za cel dan, saj je danes sicer vse zaprto.<\/p>\n\n\n\n<figure class=\"wp-block-image\"><img loading=\"lazy\" decoding=\"async\" width=\"1280\" height=\"902\" src=\"http:\/\/matorky.si\/wp-content\/uploads\/2019\/09\/d7trgovina.jpg\" alt=\"\" class=\"wp-image-1579\" srcset=\"https:\/\/matorky.si\/wp-content\/uploads\/2019\/09\/d7trgovina.jpg 1280w, https:\/\/matorky.si\/wp-content\/uploads\/2019\/09\/d7trgovina-300x211.jpg 300w, https:\/\/matorky.si\/wp-content\/uploads\/2019\/09\/d7trgovina-768x541.jpg 768w, https:\/\/matorky.si\/wp-content\/uploads\/2019\/09\/d7trgovina-1024x722.jpg 1024w, https:\/\/matorky.si\/wp-content\/uploads\/2019\/09\/d7trgovina-426x300.jpg 426w\" sizes=\"auto, (max-width: 1280px) 100vw, 1280px\" \/><figcaption>Prazna embala\u017ea, da sva se vsaj malo olaj\u0161ala dodatne te\u017ee. Ne, nisva pojedla in spila, samo prelo\u017eila.<\/figcaption><\/figure>\n\n\n\n<p>Nato sva nadaljevala ob Rhoni. Prvi del je bil ob precej prometni cesti, kar pa se je izkazalo, da je pravzaprav dobro, saj v nedeljo dopoldne skoraj ni bilo prometa in sva bila hitro \u010dez nevaren odsek.<\/p>\n\n\n\n<p>Nato sva malo odvila v klanec in naprej po lepih singlcah.<\/p>\n\n\n\n<figure class=\"wp-block-image\"><img loading=\"lazy\" decoding=\"async\" width=\"1280\" height=\"960\" src=\"http:\/\/matorky.si\/wp-content\/uploads\/2019\/09\/d7singla.jpg\" alt=\"\" class=\"wp-image-1581\" srcset=\"https:\/\/matorky.si\/wp-content\/uploads\/2019\/09\/d7singla.jpg 1280w, https:\/\/matorky.si\/wp-content\/uploads\/2019\/09\/d7singla-300x225.jpg 300w, https:\/\/matorky.si\/wp-content\/uploads\/2019\/09\/d7singla-768x576.jpg 768w, https:\/\/matorky.si\/wp-content\/uploads\/2019\/09\/d7singla-1024x768.jpg 1024w, https:\/\/matorky.si\/wp-content\/uploads\/2019\/09\/d7singla-400x300.jpg 400w\" sizes=\"auto, (max-width: 1280px) 100vw, 1280px\" \/><figcaption>Singla1, posuta s tenisitom<\/figcaption><\/figure>\n\n\n\n<figure class=\"wp-block-image\"><img loading=\"lazy\" decoding=\"async\" width=\"1280\" height=\"960\" src=\"http:\/\/matorky.si\/wp-content\/uploads\/2019\/09\/d7singla2-1.jpg\" alt=\"\" class=\"wp-image-1580\" srcset=\"https:\/\/matorky.si\/wp-content\/uploads\/2019\/09\/d7singla2-1.jpg 1280w, https:\/\/matorky.si\/wp-content\/uploads\/2019\/09\/d7singla2-1-300x225.jpg 300w, https:\/\/matorky.si\/wp-content\/uploads\/2019\/09\/d7singla2-1-768x576.jpg 768w, https:\/\/matorky.si\/wp-content\/uploads\/2019\/09\/d7singla2-1-1024x768.jpg 1024w, https:\/\/matorky.si\/wp-content\/uploads\/2019\/09\/d7singla2-1-400x300.jpg 400w\" sizes=\"auto, (max-width: 1280px) 100vw, 1280px\" \/><figcaption>Singla2 skozi gozd<\/figcaption><\/figure>\n\n\n\n<p>Danes sva na\u010drtovala kraj\u0161i dan, tako da sva po par urah \u017ee razmi\u0161ljala o kampu, ki sva ga \u017ee v\u010deraj ozna\u010dila v glavah in poiskala na zemljevidu. Vseeno pa je bilo do tam \u0161e kar nekaj kilometrov.<\/p>\n\n\n\n<figure class=\"wp-block-image\"><img loading=\"lazy\" decoding=\"async\" width=\"1280\" height=\"885\" src=\"http:\/\/matorky.si\/wp-content\/uploads\/2019\/09\/d7most.jpg\" alt=\"\" class=\"wp-image-1584\" srcset=\"https:\/\/matorky.si\/wp-content\/uploads\/2019\/09\/d7most.jpg 1280w, https:\/\/matorky.si\/wp-content\/uploads\/2019\/09\/d7most-300x207.jpg 300w, https:\/\/matorky.si\/wp-content\/uploads\/2019\/09\/d7most-768x531.jpg 768w, https:\/\/matorky.si\/wp-content\/uploads\/2019\/09\/d7most-1024x708.jpg 1024w, https:\/\/matorky.si\/wp-content\/uploads\/2019\/09\/d7most-434x300.jpg 434w\" sizes=\"auto, (max-width: 1280px) 100vw, 1280px\" \/><figcaption>Reka Rhona pre\u010dka veliko zanimivih mostov<\/figcaption><\/figure>\n\n\n\n<p>O\u010ditno pa je v tem srednjem delu namenjena tudi drugemu prometu.<\/p>\n\n\n\n<figure class=\"wp-block-image\"><img loading=\"lazy\" decoding=\"async\" width=\"1280\" height=\"729\" src=\"http:\/\/matorky.si\/wp-content\/uploads\/2019\/09\/d7ladja.jpg\" alt=\"\" class=\"wp-image-1582\" srcset=\"https:\/\/matorky.si\/wp-content\/uploads\/2019\/09\/d7ladja.jpg 1280w, https:\/\/matorky.si\/wp-content\/uploads\/2019\/09\/d7ladja-300x171.jpg 300w, https:\/\/matorky.si\/wp-content\/uploads\/2019\/09\/d7ladja-768x437.jpg 768w, https:\/\/matorky.si\/wp-content\/uploads\/2019\/09\/d7ladja-1024x583.jpg 1024w, https:\/\/matorky.si\/wp-content\/uploads\/2019\/09\/d7ladja-500x285.jpg 500w\" sizes=\"auto, (max-width: 1280px) 100vw, 1280px\" \/><figcaption>Re\u010dna kontejnerska ladja<\/figcaption><\/figure>\n\n\n\n<p>Kon\u010dno se je prikazal kamp. Ker pa je bila \u0161ele 14 ura in nedelja, je bila tudi recepcija zaprta. Tako sva si kar sama poiskala parcelo nedale\u010d od bazena in si v miru privo\u0161\u010dila kosilo.<\/p>\n\n\n\n<figure class=\"wp-block-image\"><img loading=\"lazy\" decoding=\"async\" width=\"1280\" height=\"960\" src=\"http:\/\/matorky.si\/wp-content\/uploads\/2019\/09\/d7kamp.jpg\" alt=\"\" class=\"wp-image-1585\" srcset=\"https:\/\/matorky.si\/wp-content\/uploads\/2019\/09\/d7kamp.jpg 1280w, https:\/\/matorky.si\/wp-content\/uploads\/2019\/09\/d7kamp-300x225.jpg 300w, https:\/\/matorky.si\/wp-content\/uploads\/2019\/09\/d7kamp-768x576.jpg 768w, https:\/\/matorky.si\/wp-content\/uploads\/2019\/09\/d7kamp-1024x768.jpg 1024w, https:\/\/matorky.si\/wp-content\/uploads\/2019\/09\/d7kamp-400x300.jpg 400w\" sizes=\"auto, (max-width: 1280px) 100vw, 1280px\" \/><figcaption>Kon\u010dno par urc za po\u010ditek<\/figcaption><\/figure>\n\n\n\n<p>Bazen pa omenjam tudi zato, ker zadnji\u010d projekt lepljenja blazine ni uspel in sva tokrat ponovila vajo. Uspela sva najti dve mini luknjici in jih zakrpati. Dr\u017eite pesti. Upam, da bo sedaj dr\u017ealo in bo spanec bolj miren.<\/p>\n\n\n\n<figure class=\"wp-block-image\"><img loading=\"lazy\" decoding=\"async\" width=\"1280\" height=\"461\" src=\"http:\/\/matorky.si\/wp-content\/uploads\/2019\/09\/d7blazina.jpg\" alt=\"\" class=\"wp-image-1583\" srcset=\"https:\/\/matorky.si\/wp-content\/uploads\/2019\/09\/d7blazina.jpg 1280w, https:\/\/matorky.si\/wp-content\/uploads\/2019\/09\/d7blazina-300x108.jpg 300w, https:\/\/matorky.si\/wp-content\/uploads\/2019\/09\/d7blazina-768x277.jpg 768w, https:\/\/matorky.si\/wp-content\/uploads\/2019\/09\/d7blazina-1024x369.jpg 1024w, https:\/\/matorky.si\/wp-content\/uploads\/2019\/09\/d7blazina-500x180.jpg 500w\" sizes=\"auto, (max-width: 1280px) 100vw, 1280px\" \/><figcaption>Zalepljeno<\/figcaption><\/figure>\n\n\n\n<figure class=\"wp-block-image\"><img loading=\"lazy\" decoding=\"async\" width=\"1280\" height=\"926\" src=\"http:\/\/matorky.si\/wp-content\/uploads\/2019\/09\/d7bazen.jpg\" alt=\"\" class=\"wp-image-1590\" srcset=\"https:\/\/matorky.si\/wp-content\/uploads\/2019\/09\/d7bazen.jpg 1280w, https:\/\/matorky.si\/wp-content\/uploads\/2019\/09\/d7bazen-300x217.jpg 300w, https:\/\/matorky.si\/wp-content\/uploads\/2019\/09\/d7bazen-768x556.jpg 768w, https:\/\/matorky.si\/wp-content\/uploads\/2019\/09\/d7bazen-1024x741.jpg 1024w, https:\/\/matorky.si\/wp-content\/uploads\/2019\/09\/d7bazen-415x300.jpg 415w\" sizes=\"auto, (max-width: 1280px) 100vw, 1280px\" \/><figcaption>Kopalke pozabila doma, ampak va\u017ene so noge.<\/figcaption><\/figure>\n\n\n\n<p>\u0160e dodatek glede vremena. Vsak dan je son\u010dno in vedno bolj vro\u010de. Danes je tukaj 33 stopinj. Na kolesu sploh nisva opazila, da je tako vro\u010de, ker se ves \u010das premikava in \u0161e malce pihlja. Tukaj v kampu je pa vro\u010dina udarila na polno.<\/p>\n\n\n\n<p>Pozdrav U&amp;M<\/p>\n\n\n\n<p>Bilanca dneva: 51 km, 2:50h, 180 vm<\/p>\n\n\n\n<p>Misel dneva: Tudi midva sva si privo\u0161\u010dila nedeljo po celotedenskem \u0161ihtu.<\/p>\n","protected":false},"excerpt":{"rendered":"<p>Odlo\u010ditev za hotel je bila dobra, saj sva bila zjutraj bolj spo\u010dita, odpadlo pa je tudi dolgotrajno pospravljanje in zlaganje. Najprej sva se odpravila v trgovino, eno redkih, ki je bila odprta v nedeljo, in nabavila stvari za cel dan, &hellip; <a href=\"https:\/\/matorky.si\/index.php\/2019\/09\/15\/kolesarsko-potovanje-francija-7-dan\/\">Beri naprej <span class=\"meta-nav\">&rarr;<\/span><\/a><\/p>\n","protected":false},"author":1,"featured_media":0,"comment_status":"closed","ping_status":"closed","sticky":false,"template":"","format":"standard","meta":{"jetpack_post_was_ever_published":false,"footnotes":"","jetpack_publicize_message":"","jetpack_is_tweetstorm":false,"jetpack_publicize_feature_enabled":true,"jetpack_social_post_already_shared":true,"jetpack_social_options":[]},"categories":[7,4,6,1],"tags":[],"class_list":["post-1586","post","type-post","status-publish","format-standard","hentry","category-francija","category-kolesarjenje","category-potovanje","category-uncategorized"],"jetpack_publicize_connections":[],"aioseo_notices":[],"jetpack_featured_media_url":"","_links":{"self":[{"href":"https:\/\/matorky.si\/index.php\/wp-json\/wp\/v2\/posts\/1586","targetHints":{"allow":["GET"]}}],"collection":[{"href":"https:\/\/matorky.si\/index.php\/wp-json\/wp\/v2\/posts"}],"about":[{"href":"https:\/\/matorky.si\/index.php\/wp-json\/wp\/v2\/types\/post"}],"author":[{"embeddable":true,"href":"https:\/\/matorky.si\/index.php\/wp-json\/wp\/v2\/users\/1"}],"replies":[{"embeddable":true,"href":"https:\/\/matorky.si\/index.php\/wp-json\/wp\/v2\/comments?post=1586"}],"version-history":[{"count":7,"href":"https:\/\/matorky.si\/index.php\/wp-json\/wp\/v2\/posts\/1586\/revisions"}],"predecessor-version":[{"id":1594,"href":"https:\/\/matorky.si\/index.php\/wp-json\/wp\/v2\/posts\/1586\/revisions\/1594"}],"wp:attachment":[{"href":"https:\/\/matorky.si\/index.php\/wp-json\/wp\/v2\/media?parent=1586"}],"wp:term":[{"taxonomy":"category","embeddable":true,"href":"https:\/\/matorky.si\/index.php\/wp-json\/wp\/v2\/categories?post=1586"},{"taxonomy":"post_tag","embeddable":true,"href":"https:\/\/matorky.si\/index.php\/wp-json\/wp\/v2\/tags?post=1586"}],"curies":[{"name":"wp","href":"https:\/\/api.w.org\/{rel}","templated":true}]}}